{"id":7333,"date":"2022-06-28T16:00:39","date_gmt":"2022-06-28T16:00:39","guid":{"rendered":"https:\/\/wingsltda.com.br\/?p=7333"},"modified":"2026-08-27T13:25:41","modified_gmt":"2026-08-27T16:25:41","slug":"july-1st-is-the-international-day-of-cooperatives","status":"publish","type":"post","link":"https:\/\/wingsltda.com.br\/en\/july-1st-is-the-international-day-of-cooperatives\/","title":{"rendered":"July 1st is the International Day of Cooperatives."},"content":{"rendered":"<div data-elementor-type=\"wp-post\" data-elementor-id=\"7333\" class=\"elementor elementor-7333\" data-elementor-post-type=\"post\">\n\t\t\t\t<div class=\"elementor-element elementor-element-5b450163 e-flex e-con-boxed e-con e-parent\" data-id=\"5b450163\" data-element_type=\"container\" data-e-type=\"container\">\n\t\t\t\t\t<div class=\"e-con-inner\">\n\t\t\t\t<div class=\"elementor-element elementor-element-3af037e2 elementor-widget elementor-widget-text-editor\" data-id=\"3af037e2\" data-element_type=\"widget\" data-e-type=\"widget\" data-widget_type=\"text-editor.default\">\n\t\t\t\t\t\t\t\t\t\n<h4 style=\"text-align: justify;\"><em>Why is the cooperative movement so important to our society? When did workers realize that, through unity, they would gain the strength to compete in the market\u2014whether as individual workers or as family farms?<\/em><\/h4>\n<h4 style=\"text-align: justify;\">The movement was the response of a group of workers \u2014 most of them weavers \u2014 to the increase in unemployment and low wages paid by European companies, after the start of the Industrial Revolution.<\/h4>\n<p style=\"text-align: justify;\">It all began in 1844, in the town of Rochdale, near Manchester, in England.<\/p>\n<p style=\"text-align: justify;\">Unable to buy the basics to survive in the region's grocery stores, a group of 28 workers (27 men and one woman) came together to set up their own warehouse.<\/p>\n<p style=\"text-align: justify;\">The proposal was simple, but ingenious: to buy food in <em>large quantity<\/em>, to secure better prices. Everything purchased would be divided equally among the group.<\/p>\n<p style=\"text-align: justify;\">Then, \u201c<em>Sociedade dos Probos de Rochdale<\/em>\u201d \u2014 the first modern cooperative, which opened its doors guided by moral values \u200b\u200band principles considered, to this day, the foundation of cooperativism. Among them are honesty, solidarity, equity, and transparency.<\/p>\n<p style=\"text-align: justify;\">The idea of \u200b\u200bthe 28 pioneers flourished. Four years after its inception, the cooperative already had 140 members. Twelve years later, in 1856, it reached 3,450 members, with share capital that had jumped from \u00a328 to \u00a3152,000.<\/p>\n<p style=\"text-align: justify;\">In Brazil, a culture of cooperation has been evident since the era of Portuguese colonization, fostered by civil servants, military personnel, professionals, manual workers, and European immigrants. Officially, the movement began in 1889 in Minas Gerais with the founding of the *Cooperativa Econ\u00f4mica dos Funcion\u00e1rios P\u00fablicos de Ouro Preto* (Economic Cooperative of Civil Servants of Ouro Preto), which focused on the consumption of agricultural products. Following this, other cooperatives emerged in Minas Gerais as well as in the states of Pernambuco, Rio de Janeiro, S\u00e3o Paulo, and Rio Grande do Sul.<\/p>\n<p style=\"text-align: justify;\">From 1906 onwards, agricultural cooperatives emerged, created by rural producers and immigrants, especially of German and Italian origin. These \u201cBrazilians at heart\u201d brought from their countries of origin their cultural background, associative work and experience of community family activities, which motivated them to organize themselves into cooperatives.<\/p>\n<p style=\"text-align: justify;\">Although there was a movement to spread the cooperative model, few people were informed about the subject. There was a lack of everything\u2014from suitable materials to a representative body that could unite and defend all the cooperatives.<\/p>\n<p style=\"text-align: justify;\">On December 2, 1969, cooperativism gained its own representative entity. On that day, the <strong>Organization of Brazilian Cooperatives<\/strong> (OCB) and in the following year, the entity was registered with a notary.<\/p>\n<p style=\"text-align: justify;\">Two years later, Law 5.764\/71 regulated the creation of cooperatives by establishing their own legal framework, highlighting the representative role of the OCB (Brazilian Cooperative Organization), but still including some points that partially restricted the autonomy of members. This limitation was overcome by the 1988 Constitution, which prohibited state interference in associations, effectively initiating the... <strong>self-management in the cooperative movement<\/strong>.<\/p>\n<p style=\"text-align: justify;\">The Brazilian cooperative movement entered the 21st century with a significant challenge: to be recognized by society for its integrity, competitiveness, and ability to bring joy to people.<\/p>\n<p style=\"text-align: justify;\">We at Wings greatly appreciate this entire initiative and are grateful for the trust placed in us by our customers. We hope to continue with our chain of good to help preserve the health and well-being of reception hopper employees and help preserve the environment. Discover our DustControl, the ideal solution for dedusting your receiving hopper.\u00a0<\/p>\n<h3 style=\"text-align: justify;\">Congratulations to all the cooperatives.<\/h3>\n\t\t\t\t\t\t\t\t<\/div>\n\t\t\t\t\t<\/div>\n\t\t\t\t<\/div>\n\t\t\t\t<\/div>","protected":false},"excerpt":{"rendered":"<p>Por que \u00e9 cooperativismo \u00e9 t\u00e3o importante para nossa sociedade? Quando \u00e9 que trabalhadores perceberam que atrav\u00e9s da uni\u00e3o iriam ter for\u00e7as para concorrer no mercado, seja como trabalhadores individuais, seja como fazendas familiares? O movimento foi a resposta de um grupo de trabalhadores \u2014 a maioria deles tecel\u00f5es \u2014 ao aumento do desemprego e [&hellip;]<\/p>\n","protected":false},"author":1,"featured_media":24163,"comment_status":"closed","ping_status":"open","sticky":false,"template":"","format":"standard","meta":{"_sitemap_exclude":false,"_sitemap_priority":"","_sitemap_frequency":"","_joinchat":[],"footnotes":""},"categories":[95,96,91,77,159,157],"tags":[172,82,93],"class_list":["post-7333","post","type-post","status-publish","format-standard","has-post-thumbnail","hentry","category-controlador-de-poeira","category-despoeiramento","category-dustcontrol","category-moegas","category-sustentabilidade","category-wings-no-mundo-da-agricultura-brasileira","tag-despoeiramentoemmoegas","tag-dustcontrol","tag-saude-para-o-trabalhador"],"yoast_head":"<!-- This site is optimized with the Yoast SEO plugin v28.4 - https:\/\/yoast.com\/product\/yoast-seo-wordpress\/ -->\n<title>1\u00ba de Julho \u00e9 o Dia Internacional do Cooperativismo! - Wings Ltda |<\/title>\n<meta name=\"description\" content=\"Por que \u00e9 cooperativismo \u00e9 t\u00e3o importante para nossa sociedade? Quando \u00e9 que trabalhadores perceberam que atrav\u00e9s da uni\u00e3o iriam ter for\u00e7as para concorrer no mercado, seja como trabalhadores individuais, seja como fazendas familiares?O movimento foi a resposta de um grupo de trabalhadores \u2014 a maioria deles tecel\u00f5es \u2014 ao aumento do desemprego e aos baixos sal\u00e1rios pagos pelas empresas europeias, ap\u00f3s o in\u00edcio da Revolu\u00e7\u00e3o Industrial.\" \/>\n<meta name=\"robots\" content=\"index, follow, max-snippet:-1, max-image-preview:large, max-video-preview:-1\" \/>\n<link rel=\"canonical\" href=\"https:\/\/wingsltda.com.br\/en\/july-1st-is-the-international-day-of-cooperatives\/\" \/>\n<meta property=\"og:locale\" content=\"en_US\" \/>\n<meta property=\"og:type\" content=\"article\" \/>\n<meta property=\"og:title\" content=\"1\u00ba de Julho \u00e9 o Dia Internacional do Cooperativismo! - Wings Ltda |\" \/>\n<meta property=\"og:description\" content=\"Por que \u00e9 cooperativismo \u00e9 t\u00e3o importante para nossa sociedade? Quando \u00e9 que trabalhadores perceberam que atrav\u00e9s da uni\u00e3o iriam ter for\u00e7as para concorrer no mercado, seja como trabalhadores individuais, seja como fazendas familiares?O movimento foi a resposta de um grupo de trabalhadores \u2014 a maioria deles tecel\u00f5es \u2014 ao aumento do desemprego e aos baixos sal\u00e1rios pagos pelas empresas europeias, ap\u00f3s o in\u00edcio da Revolu\u00e7\u00e3o Industrial.\" \/>\n<meta property=\"og:url\" content=\"https:\/\/wingsltda.com.br\/en\/july-1st-is-the-international-day-of-cooperatives\/\" \/>\n<meta property=\"og:site_name\" content=\"Wings Ltda |\" \/>\n<meta property=\"article:publisher\" content=\"https:\/\/www.facebook.com\/wingsltda\/\" \/>\n<meta property=\"article:published_time\" content=\"2022-06-28T16:00:39+00:00\" \/>\n<meta property=\"article:modified_time\" content=\"2026-08-27T16:25:41+00:00\" \/>\n<meta property=\"og:image\" content=\"https:\/\/wingsltda.com.br\/wp-content\/uploads\/2022\/06\/1o-de-Julho-e-o-Dia-Internacional-do-Cooperativismo.png\" \/>\n\t<meta property=\"og:image:width\" content=\"800\" \/>\n\t<meta property=\"og:image:height\" content=\"800\" \/>\n\t<meta property=\"og:image:type\" content=\"image\/png\" \/>\n<meta name=\"author\" content=\"wingsltda\" \/>\n<meta name=\"twitter:card\" content=\"summary_large_image\" \/>\n<meta name=\"twitter:label1\" content=\"Written by\" \/>\n\t<meta name=\"twitter:data1\" content=\"wingsltda\" \/>\n\t<meta name=\"twitter:label2\" content=\"Est. reading time\" \/>\n\t<meta name=\"twitter:data2\" content=\"4 minutes\" \/>\n<script type=\"application\/ld+json\" class=\"yoast-schema-graph\">{\"@context\":\"https:\\\/\\\/schema.org\",\"@graph\":[{\"@type\":\"Article\",\"@id\":\"https:\\\/\\\/wingsltda.com.br\\\/pt\\\/1o-de-julho-e-o-dia-internacional-do-cooperativismo\\\/#article\",\"isPartOf\":{\"@id\":\"https:\\\/\\\/wingsltda.com.br\\\/pt\\\/1o-de-julho-e-o-dia-internacional-do-cooperativismo\\\/\"},\"author\":{\"name\":\"wingsltda\",\"@id\":\"https:\\\/\\\/wingsltda.com.br\\\/en\\\/#\\\/schema\\\/person\\\/83cae73ec3e8b55a3a13940acf85181f\"},\"headline\":\"1\u00ba de Julho \u00e9 o Dia Internacional do Cooperativismo!\",\"datePublished\":\"2022-06-28T16:00:39+00:00\",\"dateModified\":\"2026-08-27T16:25:41+00:00\",\"mainEntityOfPage\":{\"@id\":\"https:\\\/\\\/wingsltda.com.br\\\/pt\\\/1o-de-julho-e-o-dia-internacional-do-cooperativismo\\\/\"},\"wordCount\":625,\"publisher\":{\"@id\":\"https:\\\/\\\/wingsltda.com.br\\\/en\\\/#organization\"},\"image\":{\"@id\":\"https:\\\/\\\/wingsltda.com.br\\\/pt\\\/1o-de-julho-e-o-dia-internacional-do-cooperativismo\\\/#primaryimage\"},\"thumbnailUrl\":\"https:\\\/\\\/wingsltda.com.br\\\/wp-content\\\/uploads\\\/2022\\\/06\\\/1o-de-Julho-e-o-Dia-Internacional-do-Cooperativismo.png\",\"keywords\":[\"despoeiramentoemmoegas\",\"dustcontrol\",\"sa\u00fade para o trabalhador\"],\"articleSection\":[\"Controlador de poeira\",\"Despoeiramento\",\"DustControl\",\"Moegas\",\"sustentabilidade\",\"Wings no mundo da agricultura brasileira\"],\"inLanguage\":\"en-US\"},{\"@type\":\"WebPage\",\"@id\":\"https:\\\/\\\/wingsltda.com.br\\\/pt\\\/1o-de-julho-e-o-dia-internacional-do-cooperativismo\\\/\",\"url\":\"https:\\\/\\\/wingsltda.com.br\\\/pt\\\/1o-de-julho-e-o-dia-internacional-do-cooperativismo\\\/\",\"name\":\"1\u00ba de Julho \u00e9 o Dia Internacional do Cooperativismo! - Wings Ltda |\",\"isPartOf\":{\"@id\":\"https:\\\/\\\/wingsltda.com.br\\\/en\\\/#website\"},\"primaryImageOfPage\":{\"@id\":\"https:\\\/\\\/wingsltda.com.br\\\/pt\\\/1o-de-julho-e-o-dia-internacional-do-cooperativismo\\\/#primaryimage\"},\"image\":{\"@id\":\"https:\\\/\\\/wingsltda.com.br\\\/pt\\\/1o-de-julho-e-o-dia-internacional-do-cooperativismo\\\/#primaryimage\"},\"thumbnailUrl\":\"https:\\\/\\\/wingsltda.com.br\\\/wp-content\\\/uploads\\\/2022\\\/06\\\/1o-de-Julho-e-o-Dia-Internacional-do-Cooperativismo.png\",\"datePublished\":\"2022-06-28T16:00:39+00:00\",\"dateModified\":\"2026-08-27T16:25:41+00:00\",\"description\":\"Por que \u00e9 cooperativismo \u00e9 t\u00e3o importante para nossa sociedade? Quando \u00e9 que trabalhadores perceberam que atrav\u00e9s da uni\u00e3o iriam ter for\u00e7as para concorrer no mercado, seja como trabalhadores individuais, seja como fazendas familiares?O movimento foi a resposta de um grupo de trabalhadores \u2014 a maioria deles tecel\u00f5es \u2014 ao aumento do desemprego e aos baixos sal\u00e1rios pagos pelas empresas europeias, ap\u00f3s o in\u00edcio da Revolu\u00e7\u00e3o Industrial.\",\"breadcrumb\":{\"@id\":\"https:\\\/\\\/wingsltda.com.br\\\/pt\\\/1o-de-julho-e-o-dia-internacional-do-cooperativismo\\\/#breadcrumb\"},\"inLanguage\":\"en-US\",\"potentialAction\":[{\"@type\":\"ReadAction\",\"target\":[\"https:\\\/\\\/wingsltda.com.br\\\/pt\\\/1o-de-julho-e-o-dia-internacional-do-cooperativismo\\\/\"]}]},{\"@type\":\"ImageObject\",\"inLanguage\":\"en-US\",\"@id\":\"https:\\\/\\\/wingsltda.com.br\\\/pt\\\/1o-de-julho-e-o-dia-internacional-do-cooperativismo\\\/#primaryimage\",\"url\":\"https:\\\/\\\/wingsltda.com.br\\\/wp-content\\\/uploads\\\/2022\\\/06\\\/1o-de-Julho-e-o-Dia-Internacional-do-Cooperativismo.png\",\"contentUrl\":\"https:\\\/\\\/wingsltda.com.br\\\/wp-content\\\/uploads\\\/2022\\\/06\\\/1o-de-Julho-e-o-Dia-Internacional-do-Cooperativismo.png\",\"width\":800,\"height\":800},{\"@type\":\"BreadcrumbList\",\"@id\":\"https:\\\/\\\/wingsltda.com.br\\\/pt\\\/1o-de-julho-e-o-dia-internacional-do-cooperativismo\\\/#breadcrumb\",\"itemListElement\":[{\"@type\":\"ListItem\",\"position\":1,\"name\":\"In\u00edcio\",\"item\":\"https:\\\/\\\/wingsltda.com.br\\\/\"},{\"@type\":\"ListItem\",\"position\":2,\"name\":\"1\u00ba de Julho \u00e9 o Dia Internacional do Cooperativismo!\"}]},{\"@type\":\"WebSite\",\"@id\":\"https:\\\/\\\/wingsltda.com.br\\\/en\\\/#website\",\"url\":\"https:\\\/\\\/wingsltda.com.br\\\/en\\\/\",\"name\":\"Wings Ltda |\",\"description\":\"Transformando sua opera\u00e7\u00e3o no agro.\",\"publisher\":{\"@id\":\"https:\\\/\\\/wingsltda.com.br\\\/en\\\/#organization\"},\"potentialAction\":[{\"@type\":\"SearchAction\",\"target\":{\"@type\":\"EntryPoint\",\"urlTemplate\":\"https:\\\/\\\/wingsltda.com.br\\\/en\\\/?s={search_term_string}\"},\"query-input\":{\"@type\":\"PropertyValueSpecification\",\"valueRequired\":true,\"valueName\":\"search_term_string\"}}],\"inLanguage\":\"en-US\"},{\"@type\":\"Organization\",\"@id\":\"https:\\\/\\\/wingsltda.com.br\\\/en\\\/#organization\",\"name\":\"Wings Ltda\",\"url\":\"https:\\\/\\\/wingsltda.com.br\\\/en\\\/\",\"logo\":{\"@type\":\"ImageObject\",\"inLanguage\":\"en-US\",\"@id\":\"https:\\\/\\\/wingsltda.com.br\\\/en\\\/#\\\/schema\\\/logo\\\/image\\\/\",\"url\":\"https:\\\/\\\/wingsltda.com.br\\\/wp-content\\\/uploads\\\/2024\\\/03\\\/Wings-Logo-Novo-DustControl.png\",\"contentUrl\":\"https:\\\/\\\/wingsltda.com.br\\\/wp-content\\\/uploads\\\/2024\\\/03\\\/Wings-Logo-Novo-DustControl.png\",\"width\":1090,\"height\":410,\"caption\":\"Wings Ltda\"},\"image\":{\"@id\":\"https:\\\/\\\/wingsltda.com.br\\\/en\\\/#\\\/schema\\\/logo\\\/image\\\/\"},\"sameAs\":[\"https:\\\/\\\/www.facebook.com\\\/wingsltda\\\/\",\"https:\\\/\\\/www.linkedin.com\\\/company\\\/wingsltda\\\/\",\"https:\\\/\\\/www.youtube.com\\\/channel\\\/UC2XSL5EljSgDh-pwalcPLLA\"]},{\"@type\":\"Person\",\"@id\":\"https:\\\/\\\/wingsltda.com.br\\\/en\\\/#\\\/schema\\\/person\\\/83cae73ec3e8b55a3a13940acf85181f\",\"name\":\"wingsltda\",\"sameAs\":[\"https:\\\/\\\/wingsltda.com.br\"],\"url\":false}]}<\/script>\n<!-- \/ Yoast SEO plugin. -->","yoast_head_json":{"title":"1\u00ba de Julho \u00e9 o Dia Internacional do Cooperativismo! - Wings Ltda |","description":"Por que \u00e9 cooperativismo \u00e9 t\u00e3o importante para nossa sociedade? Quando \u00e9 que trabalhadores perceberam que atrav\u00e9s da uni\u00e3o iriam ter for\u00e7as para concorrer no mercado, seja como trabalhadores individuais, seja como fazendas familiares?O movimento foi a resposta de um grupo de trabalhadores \u2014 a maioria deles tecel\u00f5es \u2014 ao aumento do desemprego e aos baixos sal\u00e1rios pagos pelas empresas europeias, ap\u00f3s o in\u00edcio da Revolu\u00e7\u00e3o Industrial.","robots":{"index":"index","follow":"follow","max-snippet":"max-snippet:-1","max-image-preview":"max-image-preview:large","max-video-preview":"max-video-preview:-1"},"canonical":"https:\/\/wingsltda.com.br\/en\/july-1st-is-the-international-day-of-cooperatives\/","og_locale":"en_US","og_type":"article","og_title":"1\u00ba de Julho \u00e9 o Dia Internacional do Cooperativismo! - Wings Ltda |","og_description":"Por que \u00e9 cooperativismo \u00e9 t\u00e3o importante para nossa sociedade? Quando \u00e9 que trabalhadores perceberam que atrav\u00e9s da uni\u00e3o iriam ter for\u00e7as para concorrer no mercado, seja como trabalhadores individuais, seja como fazendas familiares?O movimento foi a resposta de um grupo de trabalhadores \u2014 a maioria deles tecel\u00f5es \u2014 ao aumento do desemprego e aos baixos sal\u00e1rios pagos pelas empresas europeias, ap\u00f3s o in\u00edcio da Revolu\u00e7\u00e3o Industrial.","og_url":"https:\/\/wingsltda.com.br\/en\/july-1st-is-the-international-day-of-cooperatives\/","og_site_name":"Wings Ltda |","article_publisher":"https:\/\/www.facebook.com\/wingsltda\/","article_published_time":"2022-06-28T16:00:39+00:00","article_modified_time":"2026-08-27T16:25:41+00:00","og_image":[{"width":800,"height":800,"url":"https:\/\/wingsltda.com.br\/wp-content\/uploads\/2022\/06\/1o-de-Julho-e-o-Dia-Internacional-do-Cooperativismo.png","type":"image\/png"}],"author":"wingsltda","twitter_card":"summary_large_image","twitter_misc":{"Written by":"wingsltda","Est. reading time":"4 minutes"},"schema":{"@context":"https:\/\/schema.org","@graph":[{"@type":"Article","@id":"https:\/\/wingsltda.com.br\/pt\/1o-de-julho-e-o-dia-internacional-do-cooperativismo\/#article","isPartOf":{"@id":"https:\/\/wingsltda.com.br\/pt\/1o-de-julho-e-o-dia-internacional-do-cooperativismo\/"},"author":{"name":"wingsltda","@id":"https:\/\/wingsltda.com.br\/en\/#\/schema\/person\/83cae73ec3e8b55a3a13940acf85181f"},"headline":"1\u00ba de Julho \u00e9 o Dia Internacional do Cooperativismo!","datePublished":"2022-06-28T16:00:39+00:00","dateModified":"2026-08-27T16:25:41+00:00","mainEntityOfPage":{"@id":"https:\/\/wingsltda.com.br\/pt\/1o-de-julho-e-o-dia-internacional-do-cooperativismo\/"},"wordCount":625,"publisher":{"@id":"https:\/\/wingsltda.com.br\/en\/#organization"},"image":{"@id":"https:\/\/wingsltda.com.br\/pt\/1o-de-julho-e-o-dia-internacional-do-cooperativismo\/#primaryimage"},"thumbnailUrl":"https:\/\/wingsltda.com.br\/wp-content\/uploads\/2022\/06\/1o-de-Julho-e-o-Dia-Internacional-do-Cooperativismo.png","keywords":["despoeiramentoemmoegas","dustcontrol","sa\u00fade para o trabalhador"],"articleSection":["Controlador de poeira","Despoeiramento","DustControl","Moegas","sustentabilidade","Wings no mundo da agricultura brasileira"],"inLanguage":"en-US"},{"@type":"WebPage","@id":"https:\/\/wingsltda.com.br\/pt\/1o-de-julho-e-o-dia-internacional-do-cooperativismo\/","url":"https:\/\/wingsltda.com.br\/pt\/1o-de-julho-e-o-dia-internacional-do-cooperativismo\/","name":"1\u00ba de Julho \u00e9 o Dia Internacional do Cooperativismo! - Wings Ltda |","isPartOf":{"@id":"https:\/\/wingsltda.com.br\/en\/#website"},"primaryImageOfPage":{"@id":"https:\/\/wingsltda.com.br\/pt\/1o-de-julho-e-o-dia-internacional-do-cooperativismo\/#primaryimage"},"image":{"@id":"https:\/\/wingsltda.com.br\/pt\/1o-de-julho-e-o-dia-internacional-do-cooperativismo\/#primaryimage"},"thumbnailUrl":"https:\/\/wingsltda.com.br\/wp-content\/uploads\/2022\/06\/1o-de-Julho-e-o-Dia-Internacional-do-Cooperativismo.png","datePublished":"2022-06-28T16:00:39+00:00","dateModified":"2026-08-27T16:25:41+00:00","description":"Por que \u00e9 cooperativismo \u00e9 t\u00e3o importante para nossa sociedade? Quando \u00e9 que trabalhadores perceberam que atrav\u00e9s da uni\u00e3o iriam ter for\u00e7as para concorrer no mercado, seja como trabalhadores individuais, seja como fazendas familiares?O movimento foi a resposta de um grupo de trabalhadores \u2014 a maioria deles tecel\u00f5es \u2014 ao aumento do desemprego e aos baixos sal\u00e1rios pagos pelas empresas europeias, ap\u00f3s o in\u00edcio da Revolu\u00e7\u00e3o Industrial.","breadcrumb":{"@id":"https:\/\/wingsltda.com.br\/pt\/1o-de-julho-e-o-dia-internacional-do-cooperativismo\/#breadcrumb"},"inLanguage":"en-US","potentialAction":[{"@type":"ReadAction","target":["https:\/\/wingsltda.com.br\/pt\/1o-de-julho-e-o-dia-internacional-do-cooperativismo\/"]}]},{"@type":"ImageObject","inLanguage":"en-US","@id":"https:\/\/wingsltda.com.br\/pt\/1o-de-julho-e-o-dia-internacional-do-cooperativismo\/#primaryimage","url":"https:\/\/wingsltda.com.br\/wp-content\/uploads\/2022\/06\/1o-de-Julho-e-o-Dia-Internacional-do-Cooperativismo.png","contentUrl":"https:\/\/wingsltda.com.br\/wp-content\/uploads\/2022\/06\/1o-de-Julho-e-o-Dia-Internacional-do-Cooperativismo.png","width":800,"height":800},{"@type":"BreadcrumbList","@id":"https:\/\/wingsltda.com.br\/pt\/1o-de-julho-e-o-dia-internacional-do-cooperativismo\/#breadcrumb","itemListElement":[{"@type":"ListItem","position":1,"name":"In\u00edcio","item":"https:\/\/wingsltda.com.br\/"},{"@type":"ListItem","position":2,"name":"1\u00ba de Julho \u00e9 o Dia Internacional do Cooperativismo!"}]},{"@type":"WebSite","@id":"https:\/\/wingsltda.com.br\/en\/#website","url":"https:\/\/wingsltda.com.br\/en\/","name":"Wings Ltda |","description":"Transformando sua opera\u00e7\u00e3o no agro.","publisher":{"@id":"https:\/\/wingsltda.com.br\/en\/#organization"},"potentialAction":[{"@type":"SearchAction","target":{"@type":"EntryPoint","urlTemplate":"https:\/\/wingsltda.com.br\/en\/?s={search_term_string}"},"query-input":{"@type":"PropertyValueSpecification","valueRequired":true,"valueName":"search_term_string"}}],"inLanguage":"en-US"},{"@type":"Organization","@id":"https:\/\/wingsltda.com.br\/en\/#organization","name":"Wings Ltda","url":"https:\/\/wingsltda.com.br\/en\/","logo":{"@type":"ImageObject","inLanguage":"en-US","@id":"https:\/\/wingsltda.com.br\/en\/#\/schema\/logo\/image\/","url":"https:\/\/wingsltda.com.br\/wp-content\/uploads\/2024\/03\/Wings-Logo-Novo-DustControl.png","contentUrl":"https:\/\/wingsltda.com.br\/wp-content\/uploads\/2024\/03\/Wings-Logo-Novo-DustControl.png","width":1090,"height":410,"caption":"Wings Ltda"},"image":{"@id":"https:\/\/wingsltda.com.br\/en\/#\/schema\/logo\/image\/"},"sameAs":["https:\/\/www.facebook.com\/wingsltda\/","https:\/\/www.linkedin.com\/company\/wingsltda\/","https:\/\/www.youtube.com\/channel\/UC2XSL5EljSgDh-pwalcPLLA"]},{"@type":"Person","@id":"https:\/\/wingsltda.com.br\/en\/#\/schema\/person\/83cae73ec3e8b55a3a13940acf85181f","name":"wingsltda","sameAs":["https:\/\/wingsltda.com.br"],"url":false}]}},"_links":{"self":[{"href":"https:\/\/wingsltda.com.br\/en\/wp-json\/wp\/v2\/posts\/7333","targetHints":{"allow":["GET"]}}],"collection":[{"href":"https:\/\/wingsltda.com.br\/en\/wp-json\/wp\/v2\/posts"}],"about":[{"href":"https:\/\/wingsltda.com.br\/en\/wp-json\/wp\/v2\/types\/post"}],"author":[{"embeddable":true,"href":"https:\/\/wingsltda.com.br\/en\/wp-json\/wp\/v2\/users\/1"}],"replies":[{"embeddable":true,"href":"https:\/\/wingsltda.com.br\/en\/wp-json\/wp\/v2\/comments?post=7333"}],"version-history":[{"count":3,"href":"https:\/\/wingsltda.com.br\/en\/wp-json\/wp\/v2\/posts\/7333\/revisions"}],"predecessor-version":[{"id":28271,"href":"https:\/\/wingsltda.com.br\/en\/wp-json\/wp\/v2\/posts\/7333\/revisions\/28271"}],"wp:featuredmedia":[{"embeddable":true,"href":"https:\/\/wingsltda.com.br\/en\/wp-json\/wp\/v2\/media\/24163"}],"wp:attachment":[{"href":"https:\/\/wingsltda.com.br\/en\/wp-json\/wp\/v2\/media?parent=7333"}],"wp:term":[{"taxonomy":"category","embeddable":true,"href":"https:\/\/wingsltda.com.br\/en\/wp-json\/wp\/v2\/categories?post=7333"},{"taxonomy":"post_tag","embeddable":true,"href":"https:\/\/wingsltda.com.br\/en\/wp-json\/wp\/v2\/tags?post=7333"}],"curies":[{"name":"wp","href":"https:\/\/api.w.org\/{rel}","templated":true}]}}