{"id":7333,"date":"2022-06-28T16:00:39","date_gmt":"2022-06-28T16:00:39","guid":{"rendered":"https:\/\/wingsltda.com.br\/?p=7333"},"modified":"2026-08-27T13:25:41","modified_gmt":"2026-08-27T16:25:41","slug":"el-1-de-julio-es-el-dia-internacional-de-las-cooperativas","status":"publish","type":"post","link":"https:\/\/wingsltda.com.br\/es\/el-1-de-julio-es-el-dia-internacional-de-las-cooperativas\/","title":{"rendered":"El 1 de julio es el D\u00eda Internacional de las Cooperativas."},"content":{"rendered":"<div data-elementor-type=\"wp-post\" data-elementor-id=\"7333\" class=\"elementor elementor-7333\" data-elementor-post-type=\"post\">\n\t\t\t\t<div class=\"elementor-element elementor-element-5b450163 e-flex e-con-boxed e-con e-parent\" data-id=\"5b450163\" data-element_type=\"container\" data-e-type=\"container\">\n\t\t\t\t\t<div class=\"e-con-inner\">\n\t\t\t\t<div class=\"elementor-element elementor-element-3af037e2 elementor-widget elementor-widget-text-editor\" data-id=\"3af037e2\" data-element_type=\"widget\" data-e-type=\"widget\" data-widget_type=\"text-editor.default\">\n\t\t\t\t\t\t\t\t\t\n<h4 style=\"text-align: justify;\"><em>\u00bfPor qu\u00e9 el cooperativismo es tan importante para nuestra sociedad? \u00bfCu\u00e1ndo se dieron cuenta los trabajadores de que a trav\u00e9s del sindicato tendr\u00edan la fuerza para competir en el mercado, ya sea como trabajadores individuales o como granjas familiares?<\/em><\/h4>\n<h4 style=\"text-align: justify;\">El movimiento fue la respuesta de un grupo de trabajadores \u2014en su mayor\u00eda tejedores\u2014 al creciente desempleo y a los bajos salarios pagados por las empresas europeas tras el inicio de la Revoluci\u00f3n Industrial.<\/h4>\n<p style=\"text-align: justify;\">Todo comenz\u00f3 en 1844, en la localidad de Rochdale, cerca de M\u00e1nchester, en Inglaterra.<\/p>\n<p style=\"text-align: justify;\">Al no poder adquirir productos b\u00e1sicos para la supervivencia en los peque\u00f1os mercados locales, un grupo de 28 trabajadores (27 hombres y una mujer) uni\u00f3 fuerzas para montar su propia tienda.<\/p>\n<p style=\"text-align: justify;\">La propuesta era sencilla pero ingeniosa: comprar comida en <em>gran cantidad<\/em>, para conseguir mejores precios. Todo lo adquirido se repartir\u00eda equitativamente entre el grupo.<\/p>\n<p style=\"text-align: justify;\">As\u00ed naci\u00f3 el \u00ab<em>Sociedade dos Probos de Rochdale<\/em>\u201d \u2014 la primera cooperativa moderna, que abri\u00f3 sus puertas guiada por valores y principios morales considerados, hasta el d\u00eda de hoy, la base del cooperativismo, entre ellos la honestidad, la solidaridad, la equidad y la transparencia.<\/p>\n<p style=\"text-align: justify;\">La idea de los 28 pioneros prosper\u00f3. Cuatro a\u00f1os despu\u00e9s de su creaci\u00f3n, la cooperativa ya contaba con 140 socios. Doce a\u00f1os m\u00e1s tarde, en 1856, alcanz\u00f3 los 3.450 socios, con un capital social que hab\u00eda pasado de 28 a 152.000 libras esterlinas.<\/p>\n<p style=\"text-align: justify;\">En Brasil, la cultura de la cooperaci\u00f3n ha estado presente desde la \u00e9poca de la colonizaci\u00f3n portuguesa, impulsada por funcionarios p\u00fablicos, militares, profesionales, trabajadores manuales e inmigrantes europeos. Oficialmente, el movimiento comenz\u00f3 en 1889 en Minas Gerais con la fundaci\u00f3n de la *Cooperativa Econ\u00f4mica dos Funcion\u00e1rios P\u00fablicos de Ouro Preto* (Cooperativa Econ\u00f3mica de Funcionarios P\u00fablicos de Ouro Preto), centrada en el consumo de productos agr\u00edcolas. Posteriormente, surgieron otras cooperativas tanto en Minas Gerais como en los estados de Pernambuco, R\u00edo de Janeiro, S\u00e3o Paulo y R\u00edo Grande del Sur.<\/p>\n<p style=\"text-align: justify;\">A partir de 1906 comenzaron a surgir cooperativas agr\u00edcolas, impulsadas por productores rurales e inmigrantes \u2014en particular, aquellos de origen alem\u00e1n e italiano\u2014. Estos \u00abbrasile\u00f1os de coraz\u00f3n\u00bb tra\u00edan consigo el bagaje cultural, el esp\u00edritu cooperativo y la experiencia en actividades familiares comunitarias de sus pa\u00edses de origen, factores que los motivaron a organizarse en cooperativas.<\/p>\n<p style=\"text-align: justify;\">Si bien hubo un movimiento de difusi\u00f3n del cooperativismo, pocas personas estaban informadas sobre el tema. Faltaba de todo, desde material adecuado hasta la creaci\u00f3n de una entidad representativa que aglutinara y defendiera a todas las cooperativas.<\/p>\n<p style=\"text-align: justify;\">El 2 de diciembre de 1969, el movimiento cooperativo obtuvo su propia entidad representativa. Ese d\u00eda, el <strong>Organizaci\u00f3n de Cooperativas Brasile\u00f1as<\/strong> (OCB), y al a\u00f1o siguiente, la entidad se inscribi\u00f3 en el registro.<\/p>\n<p style=\"text-align: justify;\">Dos a\u00f1os m\u00e1s tarde, la Ley 5.764\/71 regul\u00f3 la creaci\u00f3n de cooperativas con la instituci\u00f3n de un r\u00e9gimen jur\u00eddico propio, destacando el papel representativo de la OCB, pero a\u00fan trayendo algunos puntos que restring\u00edan parcialmente la autonom\u00eda de los socios. Esta limitaci\u00f3n fue superada por la Constituci\u00f3n de 1988, que prohibi\u00f3 la interferencia del Estado en las asociaciones, iniciando efectivamente la <strong>la autogesti\u00f3n en el movimiento cooperativo<\/strong>.<\/p>\n<p style=\"text-align: justify;\">El cooperativismo brasile\u00f1o entr\u00f3 en el siglo XXI con un desaf\u00edo importante: ser reconocido por la sociedad por su integridad, competitividad y capacidad de llevar alegr\u00eda a las personas.<\/p>\n<p style=\"text-align: justify;\">En Wings valoramos enormemente esta iniciativa y agradecemos a nuestros clientes la confianza que han depositado en nosotros. Esperamos continuar nuestra \"cadena de bienestar\" ayudando a proteger la salud y el entorno de los trabajadores en las tolvas de recepci\u00f3n y contribuyendo a la preservaci\u00f3n del medio ambiente. Descubra DustControl: la soluci\u00f3n ideal para el control de polvo en su tolva de recepci\u00f3n.\u00a0<\/p>\n<h3 style=\"text-align: justify;\">FELICIDADES A TODAS LAS COOPERATIVAS.<\/h3>\n\t\t\t\t\t\t\t\t<\/div>\n\t\t\t\t\t<\/div>\n\t\t\t\t<\/div>\n\t\t\t\t<\/div>","protected":false},"excerpt":{"rendered":"<p>Por que \u00e9 cooperativismo \u00e9 t\u00e3o importante para nossa sociedade? Quando \u00e9 que trabalhadores perceberam que atrav\u00e9s da uni\u00e3o iriam ter for\u00e7as para concorrer no mercado, seja como trabalhadores individuais, seja como fazendas familiares? O movimento foi a resposta de um grupo de trabalhadores \u2014 a maioria deles tecel\u00f5es \u2014 ao aumento do desemprego e [&hellip;]<\/p>\n","protected":false},"author":1,"featured_media":24163,"comment_status":"closed","ping_status":"open","sticky":false,"template":"","format":"standard","meta":{"_sitemap_exclude":false,"_sitemap_priority":"","_sitemap_frequency":"","_joinchat":[],"footnotes":""},"categories":[95,96,91,77,159,157],"tags":[172,82,93],"class_list":["post-7333","post","type-post","status-publish","format-standard","has-post-thumbnail","hentry","category-controlador-de-poeira","category-despoeiramento","category-dustcontrol","category-moegas","category-sustentabilidade","category-wings-no-mundo-da-agricultura-brasileira","tag-despoeiramentoemmoegas","tag-dustcontrol","tag-saude-para-o-trabalhador"],"yoast_head":"<!-- This site is optimized with the Yoast SEO plugin v28.4 - https:\/\/yoast.com\/product\/yoast-seo-wordpress\/ -->\n<title>1\u00ba de Julho \u00e9 o Dia Internacional do Cooperativismo! - Wings Ltda |<\/title>\n<meta name=\"description\" content=\"Por que \u00e9 cooperativismo \u00e9 t\u00e3o importante para nossa sociedade? Quando \u00e9 que trabalhadores perceberam que atrav\u00e9s da uni\u00e3o iriam ter for\u00e7as para concorrer no mercado, seja como trabalhadores individuais, seja como fazendas familiares?O movimento foi a resposta de um grupo de trabalhadores \u2014 a maioria deles tecel\u00f5es \u2014 ao aumento do desemprego e aos baixos sal\u00e1rios pagos pelas empresas europeias, ap\u00f3s o in\u00edcio da Revolu\u00e7\u00e3o Industrial.\" \/>\n<meta name=\"robots\" content=\"index, follow, max-snippet:-1, max-image-preview:large, max-video-preview:-1\" \/>\n<link rel=\"canonical\" href=\"https:\/\/wingsltda.com.br\/es\/el-1-de-julio-es-el-dia-internacional-de-las-cooperativas\/\" \/>\n<meta property=\"og:locale\" content=\"es_ES\" \/>\n<meta property=\"og:type\" content=\"article\" \/>\n<meta property=\"og:title\" content=\"1\u00ba de Julho \u00e9 o Dia Internacional do Cooperativismo! - Wings Ltda |\" \/>\n<meta property=\"og:description\" content=\"Por que \u00e9 cooperativismo \u00e9 t\u00e3o importante para nossa sociedade? Quando \u00e9 que trabalhadores perceberam que atrav\u00e9s da uni\u00e3o iriam ter for\u00e7as para concorrer no mercado, seja como trabalhadores individuais, seja como fazendas familiares?O movimento foi a resposta de um grupo de trabalhadores \u2014 a maioria deles tecel\u00f5es \u2014 ao aumento do desemprego e aos baixos sal\u00e1rios pagos pelas empresas europeias, ap\u00f3s o in\u00edcio da Revolu\u00e7\u00e3o Industrial.\" \/>\n<meta property=\"og:url\" content=\"https:\/\/wingsltda.com.br\/es\/el-1-de-julio-es-el-dia-internacional-de-las-cooperativas\/\" \/>\n<meta property=\"og:site_name\" content=\"Wings Ltda |\" \/>\n<meta property=\"article:publisher\" content=\"https:\/\/www.facebook.com\/wingsltda\/\" \/>\n<meta property=\"article:published_time\" content=\"2022-06-28T16:00:39+00:00\" \/>\n<meta property=\"article:modified_time\" content=\"2026-08-27T16:25:41+00:00\" \/>\n<meta property=\"og:image\" content=\"https:\/\/wingsltda.com.br\/wp-content\/uploads\/2022\/06\/1o-de-Julho-e-o-Dia-Internacional-do-Cooperativismo.png\" \/>\n\t<meta property=\"og:image:width\" content=\"800\" \/>\n\t<meta property=\"og:image:height\" content=\"800\" \/>\n\t<meta property=\"og:image:type\" content=\"image\/png\" \/>\n<meta name=\"author\" content=\"wingsltda\" \/>\n<meta name=\"twitter:card\" content=\"summary_large_image\" \/>\n<meta name=\"twitter:label1\" content=\"Escrito por\" \/>\n\t<meta name=\"twitter:data1\" content=\"wingsltda\" \/>\n\t<meta name=\"twitter:label2\" content=\"Tiempo de lectura\" \/>\n\t<meta name=\"twitter:data2\" content=\"4 minutos\" \/>\n<script type=\"application\/ld+json\" class=\"yoast-schema-graph\">{\"@context\":\"https:\\\/\\\/schema.org\",\"@graph\":[{\"@type\":\"Article\",\"@id\":\"https:\\\/\\\/wingsltda.com.br\\\/pt\\\/1o-de-julho-e-o-dia-internacional-do-cooperativismo\\\/#article\",\"isPartOf\":{\"@id\":\"https:\\\/\\\/wingsltda.com.br\\\/pt\\\/1o-de-julho-e-o-dia-internacional-do-cooperativismo\\\/\"},\"author\":{\"name\":\"wingsltda\",\"@id\":\"https:\\\/\\\/wingsltda.com.br\\\/en\\\/#\\\/schema\\\/person\\\/83cae73ec3e8b55a3a13940acf85181f\"},\"headline\":\"1\u00ba de Julho \u00e9 o Dia Internacional do Cooperativismo!\",\"datePublished\":\"2022-06-28T16:00:39+00:00\",\"dateModified\":\"2026-08-27T16:25:41+00:00\",\"mainEntityOfPage\":{\"@id\":\"https:\\\/\\\/wingsltda.com.br\\\/pt\\\/1o-de-julho-e-o-dia-internacional-do-cooperativismo\\\/\"},\"wordCount\":625,\"publisher\":{\"@id\":\"https:\\\/\\\/wingsltda.com.br\\\/en\\\/#organization\"},\"image\":{\"@id\":\"https:\\\/\\\/wingsltda.com.br\\\/pt\\\/1o-de-julho-e-o-dia-internacional-do-cooperativismo\\\/#primaryimage\"},\"thumbnailUrl\":\"https:\\\/\\\/wingsltda.com.br\\\/wp-content\\\/uploads\\\/2022\\\/06\\\/1o-de-Julho-e-o-Dia-Internacional-do-Cooperativismo.png\",\"keywords\":[\"despoeiramentoemmoegas\",\"dustcontrol\",\"sa\u00fade para o trabalhador\"],\"articleSection\":[\"Controlador de poeira\",\"Despoeiramento\",\"DustControl\",\"Moegas\",\"sustentabilidade\",\"Wings no mundo da agricultura brasileira\"],\"inLanguage\":\"es\"},{\"@type\":\"WebPage\",\"@id\":\"https:\\\/\\\/wingsltda.com.br\\\/pt\\\/1o-de-julho-e-o-dia-internacional-do-cooperativismo\\\/\",\"url\":\"https:\\\/\\\/wingsltda.com.br\\\/pt\\\/1o-de-julho-e-o-dia-internacional-do-cooperativismo\\\/\",\"name\":\"1\u00ba de Julho \u00e9 o Dia Internacional do Cooperativismo! - Wings Ltda |\",\"isPartOf\":{\"@id\":\"https:\\\/\\\/wingsltda.com.br\\\/en\\\/#website\"},\"primaryImageOfPage\":{\"@id\":\"https:\\\/\\\/wingsltda.com.br\\\/pt\\\/1o-de-julho-e-o-dia-internacional-do-cooperativismo\\\/#primaryimage\"},\"image\":{\"@id\":\"https:\\\/\\\/wingsltda.com.br\\\/pt\\\/1o-de-julho-e-o-dia-internacional-do-cooperativismo\\\/#primaryimage\"},\"thumbnailUrl\":\"https:\\\/\\\/wingsltda.com.br\\\/wp-content\\\/uploads\\\/2022\\\/06\\\/1o-de-Julho-e-o-Dia-Internacional-do-Cooperativismo.png\",\"datePublished\":\"2022-06-28T16:00:39+00:00\",\"dateModified\":\"2026-08-27T16:25:41+00:00\",\"description\":\"Por que \u00e9 cooperativismo \u00e9 t\u00e3o importante para nossa sociedade? Quando \u00e9 que trabalhadores perceberam que atrav\u00e9s da uni\u00e3o iriam ter for\u00e7as para concorrer no mercado, seja como trabalhadores individuais, seja como fazendas familiares?O movimento foi a resposta de um grupo de trabalhadores \u2014 a maioria deles tecel\u00f5es \u2014 ao aumento do desemprego e aos baixos sal\u00e1rios pagos pelas empresas europeias, ap\u00f3s o in\u00edcio da Revolu\u00e7\u00e3o Industrial.\",\"breadcrumb\":{\"@id\":\"https:\\\/\\\/wingsltda.com.br\\\/pt\\\/1o-de-julho-e-o-dia-internacional-do-cooperativismo\\\/#breadcrumb\"},\"inLanguage\":\"es\",\"potentialAction\":[{\"@type\":\"ReadAction\",\"target\":[\"https:\\\/\\\/wingsltda.com.br\\\/pt\\\/1o-de-julho-e-o-dia-internacional-do-cooperativismo\\\/\"]}]},{\"@type\":\"ImageObject\",\"inLanguage\":\"es\",\"@id\":\"https:\\\/\\\/wingsltda.com.br\\\/pt\\\/1o-de-julho-e-o-dia-internacional-do-cooperativismo\\\/#primaryimage\",\"url\":\"https:\\\/\\\/wingsltda.com.br\\\/wp-content\\\/uploads\\\/2022\\\/06\\\/1o-de-Julho-e-o-Dia-Internacional-do-Cooperativismo.png\",\"contentUrl\":\"https:\\\/\\\/wingsltda.com.br\\\/wp-content\\\/uploads\\\/2022\\\/06\\\/1o-de-Julho-e-o-Dia-Internacional-do-Cooperativismo.png\",\"width\":800,\"height\":800},{\"@type\":\"BreadcrumbList\",\"@id\":\"https:\\\/\\\/wingsltda.com.br\\\/pt\\\/1o-de-julho-e-o-dia-internacional-do-cooperativismo\\\/#breadcrumb\",\"itemListElement\":[{\"@type\":\"ListItem\",\"position\":1,\"name\":\"In\u00edcio\",\"item\":\"https:\\\/\\\/wingsltda.com.br\\\/\"},{\"@type\":\"ListItem\",\"position\":2,\"name\":\"1\u00ba de Julho \u00e9 o Dia Internacional do Cooperativismo!\"}]},{\"@type\":\"WebSite\",\"@id\":\"https:\\\/\\\/wingsltda.com.br\\\/en\\\/#website\",\"url\":\"https:\\\/\\\/wingsltda.com.br\\\/en\\\/\",\"name\":\"Wings Ltda |\",\"description\":\"Transformando sua opera\u00e7\u00e3o no agro.\",\"publisher\":{\"@id\":\"https:\\\/\\\/wingsltda.com.br\\\/en\\\/#organization\"},\"potentialAction\":[{\"@type\":\"SearchAction\",\"target\":{\"@type\":\"EntryPoint\",\"urlTemplate\":\"https:\\\/\\\/wingsltda.com.br\\\/en\\\/?s={search_term_string}\"},\"query-input\":{\"@type\":\"PropertyValueSpecification\",\"valueRequired\":true,\"valueName\":\"search_term_string\"}}],\"inLanguage\":\"es\"},{\"@type\":\"Organization\",\"@id\":\"https:\\\/\\\/wingsltda.com.br\\\/en\\\/#organization\",\"name\":\"Wings Ltda\",\"url\":\"https:\\\/\\\/wingsltda.com.br\\\/en\\\/\",\"logo\":{\"@type\":\"ImageObject\",\"inLanguage\":\"es\",\"@id\":\"https:\\\/\\\/wingsltda.com.br\\\/en\\\/#\\\/schema\\\/logo\\\/image\\\/\",\"url\":\"https:\\\/\\\/wingsltda.com.br\\\/wp-content\\\/uploads\\\/2024\\\/03\\\/Wings-Logo-Novo-DustControl.png\",\"contentUrl\":\"https:\\\/\\\/wingsltda.com.br\\\/wp-content\\\/uploads\\\/2024\\\/03\\\/Wings-Logo-Novo-DustControl.png\",\"width\":1090,\"height\":410,\"caption\":\"Wings Ltda\"},\"image\":{\"@id\":\"https:\\\/\\\/wingsltda.com.br\\\/en\\\/#\\\/schema\\\/logo\\\/image\\\/\"},\"sameAs\":[\"https:\\\/\\\/www.facebook.com\\\/wingsltda\\\/\",\"https:\\\/\\\/www.linkedin.com\\\/company\\\/wingsltda\\\/\",\"https:\\\/\\\/www.youtube.com\\\/channel\\\/UC2XSL5EljSgDh-pwalcPLLA\"]},{\"@type\":\"Person\",\"@id\":\"https:\\\/\\\/wingsltda.com.br\\\/en\\\/#\\\/schema\\\/person\\\/83cae73ec3e8b55a3a13940acf85181f\",\"name\":\"wingsltda\",\"sameAs\":[\"https:\\\/\\\/wingsltda.com.br\"],\"url\":false}]}<\/script>\n<!-- \/ Yoast SEO plugin. -->","yoast_head_json":{"title":"1\u00ba de Julho \u00e9 o Dia Internacional do Cooperativismo! - Wings Ltda |","description":"Por que \u00e9 cooperativismo \u00e9 t\u00e3o importante para nossa sociedade? Quando \u00e9 que trabalhadores perceberam que atrav\u00e9s da uni\u00e3o iriam ter for\u00e7as para concorrer no mercado, seja como trabalhadores individuais, seja como fazendas familiares?O movimento foi a resposta de um grupo de trabalhadores \u2014 a maioria deles tecel\u00f5es \u2014 ao aumento do desemprego e aos baixos sal\u00e1rios pagos pelas empresas europeias, ap\u00f3s o in\u00edcio da Revolu\u00e7\u00e3o Industrial.","robots":{"index":"index","follow":"follow","max-snippet":"max-snippet:-1","max-image-preview":"max-image-preview:large","max-video-preview":"max-video-preview:-1"},"canonical":"https:\/\/wingsltda.com.br\/es\/el-1-de-julio-es-el-dia-internacional-de-las-cooperativas\/","og_locale":"es_ES","og_type":"article","og_title":"1\u00ba de Julho \u00e9 o Dia Internacional do Cooperativismo! - Wings Ltda |","og_description":"Por que \u00e9 cooperativismo \u00e9 t\u00e3o importante para nossa sociedade? Quando \u00e9 que trabalhadores perceberam que atrav\u00e9s da uni\u00e3o iriam ter for\u00e7as para concorrer no mercado, seja como trabalhadores individuais, seja como fazendas familiares?O movimento foi a resposta de um grupo de trabalhadores \u2014 a maioria deles tecel\u00f5es \u2014 ao aumento do desemprego e aos baixos sal\u00e1rios pagos pelas empresas europeias, ap\u00f3s o in\u00edcio da Revolu\u00e7\u00e3o Industrial.","og_url":"https:\/\/wingsltda.com.br\/es\/el-1-de-julio-es-el-dia-internacional-de-las-cooperativas\/","og_site_name":"Wings Ltda |","article_publisher":"https:\/\/www.facebook.com\/wingsltda\/","article_published_time":"2022-06-28T16:00:39+00:00","article_modified_time":"2026-08-27T16:25:41+00:00","og_image":[{"width":800,"height":800,"url":"https:\/\/wingsltda.com.br\/wp-content\/uploads\/2022\/06\/1o-de-Julho-e-o-Dia-Internacional-do-Cooperativismo.png","type":"image\/png"}],"author":"wingsltda","twitter_card":"summary_large_image","twitter_misc":{"Escrito por":"wingsltda","Tiempo de lectura":"4 minutos"},"schema":{"@context":"https:\/\/schema.org","@graph":[{"@type":"Article","@id":"https:\/\/wingsltda.com.br\/pt\/1o-de-julho-e-o-dia-internacional-do-cooperativismo\/#article","isPartOf":{"@id":"https:\/\/wingsltda.com.br\/pt\/1o-de-julho-e-o-dia-internacional-do-cooperativismo\/"},"author":{"name":"wingsltda","@id":"https:\/\/wingsltda.com.br\/en\/#\/schema\/person\/83cae73ec3e8b55a3a13940acf85181f"},"headline":"1\u00ba de Julho \u00e9 o Dia Internacional do Cooperativismo!","datePublished":"2022-06-28T16:00:39+00:00","dateModified":"2026-08-27T16:25:41+00:00","mainEntityOfPage":{"@id":"https:\/\/wingsltda.com.br\/pt\/1o-de-julho-e-o-dia-internacional-do-cooperativismo\/"},"wordCount":625,"publisher":{"@id":"https:\/\/wingsltda.com.br\/en\/#organization"},"image":{"@id":"https:\/\/wingsltda.com.br\/pt\/1o-de-julho-e-o-dia-internacional-do-cooperativismo\/#primaryimage"},"thumbnailUrl":"https:\/\/wingsltda.com.br\/wp-content\/uploads\/2022\/06\/1o-de-Julho-e-o-Dia-Internacional-do-Cooperativismo.png","keywords":["despoeiramentoemmoegas","dustcontrol","sa\u00fade para o trabalhador"],"articleSection":["Controlador de poeira","Despoeiramento","DustControl","Moegas","sustentabilidade","Wings no mundo da agricultura brasileira"],"inLanguage":"es"},{"@type":"WebPage","@id":"https:\/\/wingsltda.com.br\/pt\/1o-de-julho-e-o-dia-internacional-do-cooperativismo\/","url":"https:\/\/wingsltda.com.br\/pt\/1o-de-julho-e-o-dia-internacional-do-cooperativismo\/","name":"1\u00ba de Julho \u00e9 o Dia Internacional do Cooperativismo! - Wings Ltda |","isPartOf":{"@id":"https:\/\/wingsltda.com.br\/en\/#website"},"primaryImageOfPage":{"@id":"https:\/\/wingsltda.com.br\/pt\/1o-de-julho-e-o-dia-internacional-do-cooperativismo\/#primaryimage"},"image":{"@id":"https:\/\/wingsltda.com.br\/pt\/1o-de-julho-e-o-dia-internacional-do-cooperativismo\/#primaryimage"},"thumbnailUrl":"https:\/\/wingsltda.com.br\/wp-content\/uploads\/2022\/06\/1o-de-Julho-e-o-Dia-Internacional-do-Cooperativismo.png","datePublished":"2022-06-28T16:00:39+00:00","dateModified":"2026-08-27T16:25:41+00:00","description":"Por que \u00e9 cooperativismo \u00e9 t\u00e3o importante para nossa sociedade? Quando \u00e9 que trabalhadores perceberam que atrav\u00e9s da uni\u00e3o iriam ter for\u00e7as para concorrer no mercado, seja como trabalhadores individuais, seja como fazendas familiares?O movimento foi a resposta de um grupo de trabalhadores \u2014 a maioria deles tecel\u00f5es \u2014 ao aumento do desemprego e aos baixos sal\u00e1rios pagos pelas empresas europeias, ap\u00f3s o in\u00edcio da Revolu\u00e7\u00e3o Industrial.","breadcrumb":{"@id":"https:\/\/wingsltda.com.br\/pt\/1o-de-julho-e-o-dia-internacional-do-cooperativismo\/#breadcrumb"},"inLanguage":"es","potentialAction":[{"@type":"ReadAction","target":["https:\/\/wingsltda.com.br\/pt\/1o-de-julho-e-o-dia-internacional-do-cooperativismo\/"]}]},{"@type":"ImageObject","inLanguage":"es","@id":"https:\/\/wingsltda.com.br\/pt\/1o-de-julho-e-o-dia-internacional-do-cooperativismo\/#primaryimage","url":"https:\/\/wingsltda.com.br\/wp-content\/uploads\/2022\/06\/1o-de-Julho-e-o-Dia-Internacional-do-Cooperativismo.png","contentUrl":"https:\/\/wingsltda.com.br\/wp-content\/uploads\/2022\/06\/1o-de-Julho-e-o-Dia-Internacional-do-Cooperativismo.png","width":800,"height":800},{"@type":"BreadcrumbList","@id":"https:\/\/wingsltda.com.br\/pt\/1o-de-julho-e-o-dia-internacional-do-cooperativismo\/#breadcrumb","itemListElement":[{"@type":"ListItem","position":1,"name":"In\u00edcio","item":"https:\/\/wingsltda.com.br\/"},{"@type":"ListItem","position":2,"name":"1\u00ba de Julho \u00e9 o Dia Internacional do Cooperativismo!"}]},{"@type":"WebSite","@id":"https:\/\/wingsltda.com.br\/en\/#website","url":"https:\/\/wingsltda.com.br\/en\/","name":"Wings Ltda |","description":"Transformando sua opera\u00e7\u00e3o no agro.","publisher":{"@id":"https:\/\/wingsltda.com.br\/en\/#organization"},"potentialAction":[{"@type":"SearchAction","target":{"@type":"EntryPoint","urlTemplate":"https:\/\/wingsltda.com.br\/en\/?s={search_term_string}"},"query-input":{"@type":"PropertyValueSpecification","valueRequired":true,"valueName":"search_term_string"}}],"inLanguage":"es"},{"@type":"Organization","@id":"https:\/\/wingsltda.com.br\/en\/#organization","name":"Wings Ltda","url":"https:\/\/wingsltda.com.br\/en\/","logo":{"@type":"ImageObject","inLanguage":"es","@id":"https:\/\/wingsltda.com.br\/en\/#\/schema\/logo\/image\/","url":"https:\/\/wingsltda.com.br\/wp-content\/uploads\/2024\/03\/Wings-Logo-Novo-DustControl.png","contentUrl":"https:\/\/wingsltda.com.br\/wp-content\/uploads\/2024\/03\/Wings-Logo-Novo-DustControl.png","width":1090,"height":410,"caption":"Wings Ltda"},"image":{"@id":"https:\/\/wingsltda.com.br\/en\/#\/schema\/logo\/image\/"},"sameAs":["https:\/\/www.facebook.com\/wingsltda\/","https:\/\/www.linkedin.com\/company\/wingsltda\/","https:\/\/www.youtube.com\/channel\/UC2XSL5EljSgDh-pwalcPLLA"]},{"@type":"Person","@id":"https:\/\/wingsltda.com.br\/en\/#\/schema\/person\/83cae73ec3e8b55a3a13940acf85181f","name":"wingsltda","sameAs":["https:\/\/wingsltda.com.br"],"url":false}]}},"_links":{"self":[{"href":"https:\/\/wingsltda.com.br\/es\/wp-json\/wp\/v2\/posts\/7333","targetHints":{"allow":["GET"]}}],"collection":[{"href":"https:\/\/wingsltda.com.br\/es\/wp-json\/wp\/v2\/posts"}],"about":[{"href":"https:\/\/wingsltda.com.br\/es\/wp-json\/wp\/v2\/types\/post"}],"author":[{"embeddable":true,"href":"https:\/\/wingsltda.com.br\/es\/wp-json\/wp\/v2\/users\/1"}],"replies":[{"embeddable":true,"href":"https:\/\/wingsltda.com.br\/es\/wp-json\/wp\/v2\/comments?post=7333"}],"version-history":[{"count":3,"href":"https:\/\/wingsltda.com.br\/es\/wp-json\/wp\/v2\/posts\/7333\/revisions"}],"predecessor-version":[{"id":28271,"href":"https:\/\/wingsltda.com.br\/es\/wp-json\/wp\/v2\/posts\/7333\/revisions\/28271"}],"wp:featuredmedia":[{"embeddable":true,"href":"https:\/\/wingsltda.com.br\/es\/wp-json\/wp\/v2\/media\/24163"}],"wp:attachment":[{"href":"https:\/\/wingsltda.com.br\/es\/wp-json\/wp\/v2\/media?parent=7333"}],"wp:term":[{"taxonomy":"category","embeddable":true,"href":"https:\/\/wingsltda.com.br\/es\/wp-json\/wp\/v2\/categories?post=7333"},{"taxonomy":"post_tag","embeddable":true,"href":"https:\/\/wingsltda.com.br\/es\/wp-json\/wp\/v2\/tags?post=7333"}],"curies":[{"name":"wp","href":"https:\/\/api.w.org\/{rel}","templated":true}]}}